{"id":1,"date":"2014-02-26T20:22:42","date_gmt":"2014-02-26T20:22:42","guid":{"rendered":""},"modified":"2021-07-17T09:58:46","modified_gmt":"2021-07-17T07:58:46","slug":"hallo-welt","status":"publish","type":"post","link":"http:\/\/www.guggis-naturwerkstatt.at\/?p=1","title":{"rendered":"Zeitungsartikel"},"content":{"rendered":"<p><a href=\"https:\/\/www.flickr.com\/photos\/106941109@N03\/27547550102\/in\/dateposted-public\/\">Mission Natur &#8211; Kronen Zeitung &#8211; 30.6.2016<\/a><\/p>\n<p><a title=\"Die Woche_Naturtage\" href=\"https:\/\/www.flickr.com\/photos\/106941109@N03\/27037216063\/in\/dateposted-public\/\">Naturtage &#8211; Die Woche &#8211; 25.5.2016<\/a><\/p>\n<p><a href=\"https:\/\/www.flickr.com\/photos\/106941109@N03\/23273585580\/in\/datetaken\/\" target=\"_blank\">Bauer der Woche &#8211; Neues Land &#8211; 29.10.2015<\/a><\/p>\n<p><a href=\"https:\/\/www.flickr.com\/photos\/106941109@N03\/22007344082\/in\/dateposted-public\/lightbox\/\">Steirer des Tages &#8211; Kleine Zeitung &#8211; 5.10.2015<\/a><\/p>\n<p><a href=\"https:\/\/www.flickr.com\/photos\/106941109@N03\/21832726089\/in\/dateposted-public\/lightbox\/\">Schlangenbericht &#8211; Kronenzeitung &#8211; 29.9.2015<\/a><\/p>\n<p><a href=\"https:\/\/www.flickr.com\/photos\/106941109@N03\/21115211378\/in\/album-72157658378116956\/\">Artikel in der Servus Kinder Zeitschrift &#8211; August 2015<\/a><\/p>\n<p><a href=\"https:\/\/www.flickr.com\/photos\/106941109@N03\/16972354459\/\">Mit dem NABU Insektenhotels bauen &#8211; Kleine Zeitung &#8211; \u00a014.4.2015<\/a><\/p>\n<p><a href=\"https:\/\/www.flickr.com\/photos\/106941109@N03\/16951128387\/in\/photostream\/\">Biologische Sch\u00e4dlingsvertilger f\u00f6rdern: Nistkasten aufh\u00e4ngen &#8211; Obst-Wein-Garten &#8211; April 2015<\/a><\/p>\n<p><a href=\"https:\/\/www.flickr.com\/photos\/106941109@N03\/16974021359\/\">Im Zeichen der Natur &#8211; Die Woche &#8211; 18. M\u00e4rz 2015<\/a><\/p>\n<p><a href=\"https:\/\/www.flickr.com\/photos\/106941109@N03\/16537767764\/in\/photostream\/\">Natur im Senecura &#8211; Die Woche &#8211; M\u00e4rz 2015<\/a><\/p>\n<p><a href=\"https:\/\/www.flickr.com\/photos\/106941109@N03\/16972422738\/in\/photostream\/\">Nominierung Elevate Award &#8211; Die Woche &#8211; 10\/2014<\/a><\/p>\n<p><a href=\"https:\/\/www.flickr.com\/photos\/106941109@N03\/17159569251\/in\/photostream\/\">Nominierung Elevate Award &#8211; Kleine Zeitung &#8211; 1.10. 2014<\/a><\/p>\n<p><a href=\"%20https:\/\/www.flickr.com\/photos\/106941109@N03\/16972422268\/in\/photostream\/\">Insektenhotel f\u00fcr Unterpremst\u00e4tten &#8211; Die Woche<\/a><\/p>\n<p><a href=\"http:\/\/www.guggis-naturwerkstatt.at\/wordpress\/wp-content\/uploads\/2014\/02\/Die-Natur-ist-das-Wichtigste-Wundschuh-meinbezirk.pdf\">Die Natur ist das Wichtigste &#8211; Wundschuh &#8211; meinbezirk<\/a><\/p>\n<p><a title=\"Rettet die Bienen mit Guggis Naturwerkstatt\" href=\"http:\/\/www.guggis-naturwerkstatt.at\/wordpress\/wp-content\/uploads\/2014\/02\/KleineZeitungsartikelProf.Gepp22.3.2014.jpg\">Rettet die Bienen &#8211; Prof. Gepp &#8211; KleineZeitung &#8211; 22.3.2014<\/a><\/p>\n","protected":false},"excerpt":{"rendered":"<p>Mission Natur &#8211; Kronen Zeitung &#8211; 30.6.2016 Naturtage &#8211; Die Woche &#8211; 25.5.2016 Bauer der Woche &#8211; Neues Land &#8211; 29.10.2015 Steirer des Tages &#8211; Kleine Zeitung &#8211; 5.10.2015 Schlangenbericht &#8211; Kronenzeitung &#8211; 29.9.2015 Artikel in der Servus Kinder Zeitschrift &hellip;<\/p>\n<p class=\"read-more\"> <a class=\"more-link\" href=\"http:\/\/www.guggis-naturwerkstatt.at\/?p=1\"> <span class=\"screen-reader-text\">Zeitungsartikel<\/span> Read More &raquo;<\/a><\/p>\n","protected":false},"author":1,"featured_media":0,"comment_status":"open","ping_status":"open","sticky":false,"template":"","format":"standard","meta":[],"categories":[3],"tags":[],"_links":{"self":[{"href":"http:\/\/www.guggis-naturwerkstatt.at\/index.php?rest_route=\/wp\/v2\/posts\/1"}],"collection":[{"href":"http:\/\/www.guggis-naturwerkstatt.at\/index.php?rest_route=\/wp\/v2\/posts"}],"about":[{"href":"http:\/\/www.guggis-naturwerkstatt.at\/index.php?rest_route=\/wp\/v2\/types\/post"}],"author":[{"embeddable":true,"href":"http:\/\/www.guggis-naturwerkstatt.at\/index.php?rest_route=\/wp\/v2\/users\/1"}],"replies":[{"embeddable":true,"href":"http:\/\/www.guggis-naturwerkstatt.at\/index.php?rest_route=%2Fwp%2Fv2%2Fcomments&post=1"}],"version-history":[{"count":13,"href":"http:\/\/www.guggis-naturwerkstatt.at\/index.php?rest_route=\/wp\/v2\/posts\/1\/revisions"}],"predecessor-version":[{"id":595,"href":"http:\/\/www.guggis-naturwerkstatt.at\/index.php?rest_route=\/wp\/v2\/posts\/1\/revisions\/595"}],"wp:attachment":[{"href":"http:\/\/www.guggis-naturwerkstatt.at\/index.php?rest_route=%2Fwp%2Fv2%2Fmedia&parent=1"}],"wp:term":[{"taxonomy":"category","embeddable":true,"href":"http:\/\/www.guggis-naturwerkstatt.at\/index.php?rest_route=%2Fwp%2Fv2%2Fcategories&post=1"},{"taxonomy":"post_tag","embeddable":true,"href":"http:\/\/www.guggis-naturwerkstatt.at\/index.php?rest_route=%2Fwp%2Fv2%2Ftags&post=1"}],"curies":[{"name":"wp","href":"https:\/\/api.w.org\/{rel}","templated":true}]}}